{"id":781,"date":"2020-10-20T09:07:00","date_gmt":"2020-10-20T07:07:00","guid":{"rendered":"https:\/\/www.proginov.com\/blog\/?p=781"},"modified":"2026-02-19T10:10:05","modified_gmt":"2026-02-19T09:10:05","slug":"le-passage-en-mode-heberge-en-express-cest-possible","status":"publish","type":"post","link":"https:\/\/www.proginov.com\/blog\/le-passage-en-mode-heberge-en-express-cest-possible\/","title":{"rendered":"Le passage en mode h\u00e9berg\u00e9 en express, c\u2019est possible ?"},"content":{"rendered":"\n<p><em>Par&nbsp;<strong>St\u00e9phane Delhommeau<\/strong>, Responsable des infrastructures d\u2019h\u00e9bergement chez Proginov<\/em><\/p>\n\n\n\n<figure class=\"wp-block-image size-large\"><img loading=\"lazy\" decoding=\"async\" width=\"900\" height=\"500\" src=\"https:\/\/www.proginov.com\/blog\/wp-content\/uploads\/2020\/09\/cloud-express-900x500-1.jpg\" alt=\"La r\u00e9activit\u00e9 de l'h\u00e9bergement Cloud\" class=\"wp-image-779\" srcset=\"https:\/\/www.proginov.com\/blog\/wp-content\/uploads\/2020\/09\/cloud-express-900x500-1.jpg 900w, https:\/\/www.proginov.com\/blog\/wp-content\/uploads\/2020\/09\/cloud-express-900x500-1-300x167.jpg 300w, https:\/\/www.proginov.com\/blog\/wp-content\/uploads\/2020\/09\/cloud-express-900x500-1-768x427.jpg 768w\" sizes=\"auto, (max-width: 900px) 100vw, 900px\" \/><\/figure>\n\n\n\n<p><strong>Pendant le Covid, plusieurs clients \u00e9quip\u00e9s de Proginov RH en version client\/serveur ont demand\u00e9 \u00e0 passer en urgence en mode h\u00e9berg\u00e9. Quelles \u00e9taient leurs motivations ? Quels ont \u00e9t\u00e9 les impacts sur les \u00e9quipes techniques et les utilisateurs ? Et aujourd\u2019hui ?<\/strong><\/p>\n\n\n\n<p>Les demandes ont concern\u00e9 des entreprises avec des contextes vari\u00e9s. Certains avaient un service informatique tr\u00e8s performant mais qui avait du mal \u00e0 suivre, depuis quelques mois d\u00e9j\u00e0, le rythme de mise \u00e0 jour de la paie, ph\u00e9nom\u00e8ne qui s\u2019est acc\u00e9l\u00e9r\u00e9 avec le Covid (6 mises \u00e0 jour en 2 mois, et ce n\u2019est pas fini). Le projet avait \u00e9t\u00e9 \u00e9tudi\u00e9 mais pas encore mis en \u0153uvre. D\u2019autres, sentant le vent tourner d\u00e9but mars, se sont dit qu\u2019il leur fallait anticiper un passage probable des \u00e9quipes en t\u00e9l\u00e9travail.<\/p>\n\n\n\n<p>Quel que soit le cas, la demande \u00e9tait claire : continuer \u00e0 travailler de la m\u00eame mani\u00e8re qu\u2019auparavant avec des acc\u00e8s totalement s\u00e9curis\u00e9s et simplifier les mises \u00e0 jour de paie.<\/p>\n\n\n\n<p>Les \u00e9quipes Proginov ont r\u00e9pondu pr\u00e9sentes et ont r\u00e9alis\u00e9 des migrations depuis leur domicile (confinement et t\u00e9l\u00e9travail oblige). C\u00f4t\u00e9 clients certains ont eu besoin, par moments, d\u2019\u00eatre pr\u00e9sents sur place dans les salles informatiques, mais les autres ont \u00e9galement travaill\u00e9 \u00e0 distance. C\u00f4t\u00e9 utilisateurs, tout le monde \u00e9tait \u00e0 distance. Selon l\u2019importance des dossiers et les besoins d\u2019interfaces avec d\u2019autres logiciels, les prestations ont \u00e9t\u00e9 plus ou moins longues mais n\u2019ont pas exc\u00e9d\u00e9 5 jours, tests compris.<br>Les utilisateurs ont pu repartir le lendemain de la migration dans le m\u00eame univers de travail depuis leur domicile, sans perte de donn\u00e9es, avec un syst\u00e8me d\u2019authentification forte via un acc\u00e8s \u00e0 Internet.<\/p>\n\n\n\n<p>Si tous les utilisateurs sont, depuis, retourn\u00e9s au bureau, tous souhaitent d\u00e9sormais rester en mode h\u00e9berg\u00e9 !<\/p>\n","protected":false},"excerpt":{"rendered":"<p>Par&nbsp;St\u00e9phane Delhommeau, Responsable des infrastructures d\u2019h\u00e9bergement chez Proginov Pendant le Covid, plusieurs clients \u00e9quip\u00e9s de Proginov RH en version client\/serveur ont demand\u00e9 \u00e0 passer en urgence en mode h\u00e9berg\u00e9. Quelles \u00e9taient leurs motivations ? Quels ont \u00e9t\u00e9 les impacts sur les \u00e9quipes techniques et les utilisateurs ? Et aujourd\u2019hui ? Les demandes ont concern\u00e9 des&hellip; <a class=\"read-more\" href=\"https:\/\/www.proginov.com\/blog\/le-passage-en-mode-heberge-en-express-cest-possible\/\">Lire la suite&#8230;<\/a><\/p>\n","protected":false},"author":1,"featured_media":779,"comment_status":"closed","ping_status":"closed","sticky":false,"template":"","format":"standard","meta":{"footnotes":""},"categories":[44],"tags":[91,142],"class_list":["post-781","post","type-post","status-publish","format-standard","has-post-thumbnail","hentry","category-hebergement","tag-cloud","tag-reactivite"],"_links":{"self":[{"href":"https:\/\/www.proginov.com\/blog\/wp-json\/wp\/v2\/posts\/781","targetHints":{"allow":["GET"]}}],"collection":[{"href":"https:\/\/www.proginov.com\/blog\/wp-json\/wp\/v2\/posts"}],"about":[{"href":"https:\/\/www.proginov.com\/blog\/wp-json\/wp\/v2\/types\/post"}],"author":[{"embeddable":true,"href":"https:\/\/www.proginov.com\/blog\/wp-json\/wp\/v2\/users\/1"}],"replies":[{"embeddable":true,"href":"https:\/\/www.proginov.com\/blog\/wp-json\/wp\/v2\/comments?post=781"}],"version-history":[{"count":1,"href":"https:\/\/www.proginov.com\/blog\/wp-json\/wp\/v2\/posts\/781\/revisions"}],"predecessor-version":[{"id":782,"href":"https:\/\/www.proginov.com\/blog\/wp-json\/wp\/v2\/posts\/781\/revisions\/782"}],"wp:featuredmedia":[{"embeddable":true,"href":"https:\/\/www.proginov.com\/blog\/wp-json\/wp\/v2\/media\/779"}],"wp:attachment":[{"href":"https:\/\/www.proginov.com\/blog\/wp-json\/wp\/v2\/media?parent=781"}],"wp:term":[{"taxonomy":"category","embeddable":true,"href":"https:\/\/www.proginov.com\/blog\/wp-json\/wp\/v2\/categories?post=781"},{"taxonomy":"post_tag","embeddable":true,"href":"https:\/\/www.proginov.com\/blog\/wp-json\/wp\/v2\/tags?post=781"}],"curies":[{"name":"wp","href":"https:\/\/api.w.org\/{rel}","templated":true}]}}