{"id":604,"date":"2020-01-16T11:35:00","date_gmt":"2020-01-16T10:35:00","guid":{"rendered":"https:\/\/www.proginov.com\/blog\/?p=604"},"modified":"2020-01-23T10:47:42","modified_gmt":"2020-01-23T09:47:42","slug":"le-salons-de-lannee-2020","status":"publish","type":"post","link":"https:\/\/www.proginov.com\/blog\/le-salons-de-lannee-2020\/","title":{"rendered":"Les salons de l&rsquo;ann\u00e9e 2020"},"content":{"rendered":"\n<figure class=\"wp-block-image size-large\"><img loading=\"lazy\" decoding=\"async\" width=\"900\" height=\"500\" src=\"https:\/\/www.proginov.com\/blog\/wp-content\/uploads\/2020\/01\/salons_2020-1.png\" alt=\"Salons 2020\" class=\"wp-image-636\" srcset=\"https:\/\/www.proginov.com\/blog\/wp-content\/uploads\/2020\/01\/salons_2020-1.png 900w, https:\/\/www.proginov.com\/blog\/wp-content\/uploads\/2020\/01\/salons_2020-1-300x167.png 300w, https:\/\/www.proginov.com\/blog\/wp-content\/uploads\/2020\/01\/salons_2020-1-768x427.png 768w\" sizes=\"auto, (max-width: 900px) 100vw, 900px\" \/><\/figure>\n\n\n\n<p><strong>En 2020, Proginov exposera \u00e0 l\u2019occasion de plusieurs \u00e9v\u00e9nements \u00e0 ne pas manquer.<\/strong><\/p>\n\n\n\n<hr class=\"wp-block-separator\"\/>\n\n\n\n<h3 class=\"wp-block-heading\"><strong>Salon RH<\/strong><\/h3>\n\n\n\n<p><strong> Du 17 au 19 mars 2020<br> Paris Expo Porte de Versailles<\/strong><br><a href=\"http:\/\/www.solutions-ressources-humaines.com\/\" target=\"_blank\" rel=\"noreferrer noopener\" aria-label=\" http:\/\/www.solutions-ressources-humaines.com\/ (s\u2019ouvre dans un nouvel onglet)\"> http:\/\/www.solutions-ressources-humaines.com\/<\/a><\/p>\n\n\n\n<hr class=\"wp-block-separator\"\/>\n\n\n\n<h3 class=\"wp-block-heading\">Sant\u00e9 Expo<\/h3>\n\n\n\n<p> <strong>Du 26 au 28 mai 2020<br> Paris Expo Porte de Versailles<br> Hall 1 \u2013 Secteur IT \u2013 Stand i51<\/strong><br> <a href=\"https:\/\/www.santexpo.com\/\">https:\/\/www.santexpo.com\/<\/a> <\/p>\n\n\n\n<hr class=\"wp-block-separator\"\/>\n\n\n\n<h3 class=\"wp-block-heading\">Congr\u00e8s National de M\u00e9decine et Sant\u00e9 au Travail<\/h3>\n\n\n\n<p><strong> Du 2 au 5 juin 2020<br> Palais de la Musique et des Congr\u00e8s de Strasbourg<\/strong><br><a href=\"https:\/\/www.medecine-sante-travail.com\/\" target=\"_blank\" rel=\"noreferrer noopener\" aria-label=\" https:\/\/www.medecine-sante-travail.com\/ (s\u2019ouvre dans un nouvel onglet)\"> https:\/\/www.medecine-sante-travail.com\/<\/a><\/p>\n\n\n\n<hr class=\"wp-block-separator\"\/>\n\n\n\n<h3 class=\"wp-block-heading\">Equipmag \u2013 Paris Retail Week<\/h3>\n\n\n\n<p><strong>Du 15 au 17 septembre 2020<br>Paris Expo Porte de Versailles<br>Hall 7.2<\/strong><br><a rel=\"noreferrer noopener\" aria-label=\" https:\/\/www.parisretailweek.com\/ (s\u2019ouvre dans un nouvel onglet)\" href=\"https:\/\/www.parisretailweek.com\/\" target=\"_blank\">https:\/\/www.parisretailweek.com\/<\/a><\/p>\n\n\n\n<hr class=\"wp-block-separator\"\/>\n\n\n\n<h3 class=\"wp-block-heading\">Salon de l\u2019ERP \u2013 Salons Solutions<\/h3>\n\n\n\n<p><strong>Du 22 au 24 septembre 2020<br>Paris Expo Porte de Versailles<\/strong><br><a href=\"http:\/\/www.salons-solutions.com\/\" target=\"_blank\" rel=\"noreferrer noopener\" aria-label=\"http:\/\/www.salons-solutions.com\/ (s\u2019ouvre dans un nouvel onglet)\">http:\/\/www.salons-solutions.com\/<\/a><\/p>\n\n\n\n<hr class=\"wp-block-separator\"\/>\n\n\n\n<h3 class=\"wp-block-heading\">COEC \u2013 Congr\u00e8s de l\u2019Ordre des Experts-Comptables<\/h3>\n\n\n\n<p><strong>Du 30 septembre au 2 octobre 2020<br>Palais des congr\u00e8s de Bordeaux<\/strong><br><a href=\"https:\/\/congres.experts-comptables.com\/\" target=\"_blank\" rel=\"noreferrer noopener\" aria-label=\" (s\u2019ouvre dans un nouvel onglet)\">https:\/\/congres.experts-comptables.com\/<\/a><\/p>\n","protected":false},"excerpt":{"rendered":"<p>En 2020, Proginov exposera \u00e0 l\u2019occasion de plusieurs \u00e9v\u00e9nements \u00e0 ne pas manquer. Salon RH Du 17 au 19 mars 2020 Paris Expo Porte de Versailles http:\/\/www.solutions-ressources-humaines.com\/ Sant\u00e9 Expo Du 26 au 28 mai 2020 Paris Expo Porte de Versailles Hall 1 \u2013 Secteur IT \u2013 Stand i51 https:\/\/www.santexpo.com\/ Congr\u00e8s National de M\u00e9decine et Sant\u00e9&hellip; <a class=\"read-more\" href=\"https:\/\/www.proginov.com\/blog\/le-salons-de-lannee-2020\/\">Lire la suite&#8230;<\/a><\/p>\n","protected":false},"author":1,"featured_media":614,"comment_status":"closed","ping_status":"closed","sticky":false,"template":"","format":"standard","meta":{"footnotes":""},"categories":[1],"tags":[],"class_list":["post-604","post","type-post","status-publish","format-standard","has-post-thumbnail","hentry","category-erp"],"_links":{"self":[{"href":"https:\/\/www.proginov.com\/blog\/wp-json\/wp\/v2\/posts\/604","targetHints":{"allow":["GET"]}}],"collection":[{"href":"https:\/\/www.proginov.com\/blog\/wp-json\/wp\/v2\/posts"}],"about":[{"href":"https:\/\/www.proginov.com\/blog\/wp-json\/wp\/v2\/types\/post"}],"author":[{"embeddable":true,"href":"https:\/\/www.proginov.com\/blog\/wp-json\/wp\/v2\/users\/1"}],"replies":[{"embeddable":true,"href":"https:\/\/www.proginov.com\/blog\/wp-json\/wp\/v2\/comments?post=604"}],"version-history":[{"count":13,"href":"https:\/\/www.proginov.com\/blog\/wp-json\/wp\/v2\/posts\/604\/revisions"}],"predecessor-version":[{"id":638,"href":"https:\/\/www.proginov.com\/blog\/wp-json\/wp\/v2\/posts\/604\/revisions\/638"}],"wp:featuredmedia":[{"embeddable":true,"href":"https:\/\/www.proginov.com\/blog\/wp-json\/wp\/v2\/media\/614"}],"wp:attachment":[{"href":"https:\/\/www.proginov.com\/blog\/wp-json\/wp\/v2\/media?parent=604"}],"wp:term":[{"taxonomy":"category","embeddable":true,"href":"https:\/\/www.proginov.com\/blog\/wp-json\/wp\/v2\/categories?post=604"},{"taxonomy":"post_tag","embeddable":true,"href":"https:\/\/www.proginov.com\/blog\/wp-json\/wp\/v2\/tags?post=604"}],"curies":[{"name":"wp","href":"https:\/\/api.w.org\/{rel}","templated":true}]}}