{"id":561,"date":"2019-09-20T18:13:42","date_gmt":"2019-09-20T16:13:42","guid":{"rendered":"https:\/\/www.proginov.com\/blog\/?p=561"},"modified":"2019-09-20T18:14:56","modified_gmt":"2019-09-20T16:14:56","slug":"journees-regionales-de-la-visite-dentreprise","status":"publish","type":"post","link":"https:\/\/www.proginov.com\/blog\/journees-regionales-de-la-visite-dentreprise\/","title":{"rendered":"Journ\u00e9es R\u00e9gionales de la Visite d&rsquo;Entreprise"},"content":{"rendered":"\n<figure class=\"wp-block-image\"><img loading=\"lazy\" decoding=\"async\" width=\"900\" height=\"600\" src=\"https:\/\/www.proginov.com\/blog\/wp-content\/uploads\/2019\/09\/vne-900x600.jpg\" alt=\"Visitez l'entreprise\" class=\"wp-image-562\" srcset=\"https:\/\/www.proginov.com\/blog\/wp-content\/uploads\/2019\/09\/vne-900x600.jpg 900w, https:\/\/www.proginov.com\/blog\/wp-content\/uploads\/2019\/09\/vne-900x600-300x200.jpg 300w, https:\/\/www.proginov.com\/blog\/wp-content\/uploads\/2019\/09\/vne-900x600-768x512.jpg 768w\" sizes=\"auto, (max-width: 900px) 100vw, 900px\" \/><\/figure>\n\n\n\n<p>Venez visiter <a href=\"https:\/\/twitter.com\/Proginov\"><s>@<\/s><strong>Proginov<\/strong><\/a> \u00e0 l&rsquo;occasion des Journ\u00e9es R\u00e9gionales de la Visite d&rsquo;Entreprise. Chez Proginov, c&rsquo;est le <strong>vendredi 25 octobre <\/strong>et vous pouvez vous inscrire ici : <a rel=\"noreferrer noopener\" aria-label=\" (s\u2019ouvre dans un nouvel onglet)\" href=\"https:\/\/www.proginov.com\/vne\/\" target=\"_blank\">https:\/\/www.proginov.com\/vne\/\u00a0<\/a>.<\/p>\n\n\n\n<p>Ne tardez pas, le nombre de places est limit\u00e9 ! \u00c0 bient\u00f4t ! <\/p>\n","protected":false},"excerpt":{"rendered":"<p>Venez visiter @Proginov \u00e0 l&rsquo;occasion des Journ\u00e9es R\u00e9gionales de la Visite d&rsquo;Entreprise. Chez Proginov, c&rsquo;est le vendredi 25 octobre et vous pouvez vous inscrire ici : https:\/\/www.proginov.com\/vne\/\u00a0. Ne tardez pas, le nombre de places est limit\u00e9 ! \u00c0 bient\u00f4t !&hellip; <a class=\"read-more\" href=\"https:\/\/www.proginov.com\/blog\/journees-regionales-de-la-visite-dentreprise\/\">Lire la suite&#8230;<\/a><\/p>\n","protected":false},"author":1,"featured_media":562,"comment_status":"closed","ping_status":"closed","sticky":false,"template":"","format":"standard","meta":{"footnotes":""},"categories":[1],"tags":[],"class_list":["post-561","post","type-post","status-publish","format-standard","has-post-thumbnail","hentry","category-erp"],"_links":{"self":[{"href":"https:\/\/www.proginov.com\/blog\/wp-json\/wp\/v2\/posts\/561","targetHints":{"allow":["GET"]}}],"collection":[{"href":"https:\/\/www.proginov.com\/blog\/wp-json\/wp\/v2\/posts"}],"about":[{"href":"https:\/\/www.proginov.com\/blog\/wp-json\/wp\/v2\/types\/post"}],"author":[{"embeddable":true,"href":"https:\/\/www.proginov.com\/blog\/wp-json\/wp\/v2\/users\/1"}],"replies":[{"embeddable":true,"href":"https:\/\/www.proginov.com\/blog\/wp-json\/wp\/v2\/comments?post=561"}],"version-history":[{"count":1,"href":"https:\/\/www.proginov.com\/blog\/wp-json\/wp\/v2\/posts\/561\/revisions"}],"predecessor-version":[{"id":563,"href":"https:\/\/www.proginov.com\/blog\/wp-json\/wp\/v2\/posts\/561\/revisions\/563"}],"wp:featuredmedia":[{"embeddable":true,"href":"https:\/\/www.proginov.com\/blog\/wp-json\/wp\/v2\/media\/562"}],"wp:attachment":[{"href":"https:\/\/www.proginov.com\/blog\/wp-json\/wp\/v2\/media?parent=561"}],"wp:term":[{"taxonomy":"category","embeddable":true,"href":"https:\/\/www.proginov.com\/blog\/wp-json\/wp\/v2\/categories?post=561"},{"taxonomy":"post_tag","embeddable":true,"href":"https:\/\/www.proginov.com\/blog\/wp-json\/wp\/v2\/tags?post=561"}],"curies":[{"name":"wp","href":"https:\/\/api.w.org\/{rel}","templated":true}]}}