{"id":2240,"date":"2026-09-04T16:32:29","date_gmt":"2026-09-04T14:32:29","guid":{"rendered":"https:\/\/www.proginov.com\/blog\/?p=2240"},"modified":"2026-09-04T18:12:09","modified_gmt":"2026-09-04T16:12:09","slug":"portes-ouvertes-2026","status":"publish","type":"post","link":"https:\/\/www.proginov.com\/blog\/portes-ouvertes-2026\/","title":{"rendered":"Proginov ouvre de nouveau ses portes en 2026"},"content":{"rendered":"\n<figure class=\"wp-block-image size-full\"><img loading=\"lazy\" decoding=\"async\" width=\"900\" height=\"500\" src=\"https:\/\/www.proginov.com\/blog\/wp-content\/uploads\/2025\/12\/DATACENTER-PROGINOV-2.jpg\" alt=\"Baies de serveurs et \u00e9quipements r\u00e9seau dans un centre de donn\u00e9es\" class=\"wp-image-1867\" srcset=\"https:\/\/www.proginov.com\/blog\/wp-content\/uploads\/2025\/12\/DATACENTER-PROGINOV-2.jpg 900w, https:\/\/www.proginov.com\/blog\/wp-content\/uploads\/2025\/12\/DATACENTER-PROGINOV-2-300x167.jpg 300w, https:\/\/www.proginov.com\/blog\/wp-content\/uploads\/2025\/12\/DATACENTER-PROGINOV-2-768x427.jpg 768w\" sizes=\"auto, (max-width: 900px) 100vw, 900px\" \/><\/figure>\n\n\n\n<p class=\"wp-block-paragraph\">Les inscriptions sont ouvertes pour la 11e journ\u00e9e r\u00e9gionale de la visite d&rsquo;entreprise en <a href=\"https:\/\/www.paysdelaloire.fr\/\">R\u00e9gion Pays de la Loire<\/a>. <\/p>\n\n\n\n<p class=\"wp-block-paragraph\">\u00c0 cette occasion, venez d\u00e9couvrir Proginov et ses coulisses.<br><br>\ud83d\udc40 Pr\u00e9sentation de l&rsquo;entreprise et visite de site (dont le datacenter)<br>\ud83d\udcc5 Vendredi 23 octobre 2026 : 14h, 15h, 16h et 17h<br>\u23f0 Dur\u00e9e : 1h30<br>\ud83e\udef0 Tarif : gratuit<br>\ud83c\udf9f\ufe0f Sur r\u00e9servation : <a href=\"https:\/\/www.proginov.com\/vne\/\">https:\/\/www.proginov.com\/vne\/<\/a><\/p>\n","protected":false},"excerpt":{"rendered":"<p>Les inscriptions sont ouvertes pour la 11e journ\u00e9e r\u00e9gionale de la visite d&rsquo;entreprise en R\u00e9gion Pays de la Loire. \u00c0 cette occasion, venez d\u00e9couvrir Proginov et ses coulisses. \ud83d\udc40 Pr\u00e9sentation de l&rsquo;entreprise et visite de site (dont le datacenter)\ud83d\udcc5 Vendredi 23 octobre 2026 : 14h, 15h, 16h et 17h\u23f0 Dur\u00e9e : 1h30\ud83e\udef0 Tarif : gratuit\ud83c\udf9f\ufe0f&hellip; <a class=\"read-more\" href=\"https:\/\/www.proginov.com\/blog\/portes-ouvertes-2026\/\">Lire la suite&#8230;<\/a><\/p>\n","protected":false},"author":6,"featured_media":1867,"comment_status":"closed","ping_status":"closed","sticky":false,"template":"","format":"standard","meta":{"footnotes":""},"categories":[71],"tags":[],"class_list":["post-2240","post","type-post","status-publish","format-standard","has-post-thumbnail","hentry","category-actualites"],"_links":{"self":[{"href":"https:\/\/www.proginov.com\/blog\/wp-json\/wp\/v2\/posts\/2240","targetHints":{"allow":["GET"]}}],"collection":[{"href":"https:\/\/www.proginov.com\/blog\/wp-json\/wp\/v2\/posts"}],"about":[{"href":"https:\/\/www.proginov.com\/blog\/wp-json\/wp\/v2\/types\/post"}],"author":[{"embeddable":true,"href":"https:\/\/www.proginov.com\/blog\/wp-json\/wp\/v2\/users\/6"}],"replies":[{"embeddable":true,"href":"https:\/\/www.proginov.com\/blog\/wp-json\/wp\/v2\/comments?post=2240"}],"version-history":[{"count":2,"href":"https:\/\/www.proginov.com\/blog\/wp-json\/wp\/v2\/posts\/2240\/revisions"}],"predecessor-version":[{"id":2242,"href":"https:\/\/www.proginov.com\/blog\/wp-json\/wp\/v2\/posts\/2240\/revisions\/2242"}],"wp:featuredmedia":[{"embeddable":true,"href":"https:\/\/www.proginov.com\/blog\/wp-json\/wp\/v2\/media\/1867"}],"wp:attachment":[{"href":"https:\/\/www.proginov.com\/blog\/wp-json\/wp\/v2\/media?parent=2240"}],"wp:term":[{"taxonomy":"category","embeddable":true,"href":"https:\/\/www.proginov.com\/blog\/wp-json\/wp\/v2\/categories?post=2240"},{"taxonomy":"post_tag","embeddable":true,"href":"https:\/\/www.proginov.com\/blog\/wp-json\/wp\/v2\/tags?post=2240"}],"curies":[{"name":"wp","href":"https:\/\/api.w.org\/{rel}","templated":true}]}}