{"id":1692,"date":"2025-04-30T17:00:00","date_gmt":"2025-04-30T15:00:00","guid":{"rendered":"https:\/\/www.proginov.com\/blog\/?p=1692"},"modified":"2025-10-06T10:48:09","modified_gmt":"2025-10-06T08:48:09","slug":"proginov-un-chiffre-daffaires-en-hausse-de-9","status":"publish","type":"post","link":"https:\/\/www.proginov.com\/blog\/proginov-un-chiffre-daffaires-en-hausse-de-9\/","title":{"rendered":"Proginov, un chiffre d\u2019affaires en hausse de 9 %"},"content":{"rendered":"\n<figure class=\"wp-block-image size-full is-resized\"><img loading=\"lazy\" decoding=\"async\" width=\"737\" height=\"415\" src=\"https:\/\/www.proginov.com\/blog\/wp-content\/uploads\/2025\/05\/Nouveau-parking-pour-Proginov.png\" alt=\"\" class=\"wp-image-1693\" style=\"width:840px;height:auto\" srcset=\"https:\/\/www.proginov.com\/blog\/wp-content\/uploads\/2025\/05\/Nouveau-parking-pour-Proginov.png 737w, https:\/\/www.proginov.com\/blog\/wp-content\/uploads\/2025\/05\/Nouveau-parking-pour-Proginov-300x169.png 300w\" sizes=\"auto, (max-width: 737px) 100vw, 737px\" \/><\/figure>\n\n\n\n<p><strong>Proginov, qui a termin\u00e9 l\u2019ann\u00e9e 2024 avec un chiffre d\u2019affaires en hausse organique de&nbsp;9&nbsp;%, se lance dans une grande campagne d\u2019investissements.<\/strong><\/p>\n\n\n\n<h2 class=\"wp-block-heading\">Un chiffre d\u2019affaires en hausse<\/h2>\n\n\n\n<p>Proginov a termin\u00e9 l\u2019ann\u00e9e 2024 avec un chiffre d\u2019affaires de 66,6 M\u20ac, en hausse de 9 %. L\u2019entreprise est toujours port\u00e9e par ses deux activit\u00e9s principales&nbsp;: l\u2019\u00e9dition et l\u2019h\u00e9bergement. Si les activit\u00e9s du num\u00e9rique ont le vent en poupe depuis plusieurs ann\u00e9es, les entreprises fran\u00e7aises prennent de plus en plus conscience de l\u2019importance de travailler avec des acteurs fran\u00e7ais, notamment pour l\u2019h\u00e9bergement de leurs donn\u00e9es.<\/p>\n\n\n\n<h2 class=\"wp-block-heading\">Un vaste programme d\u2019investissements immobiliers<\/h2>\n\n\n\n<p>Proginov a entam\u00e9 une campagne d\u2019investissements de 18 M\u20ac sur 3 ans. La premi\u00e8re \u00e9tape de ce programme vient de se concr\u00e9tiser fin mars par la livraison d\u2019un nouveau parking de 197 places, dont 80 avec des bornes de recharge de v\u00e9hicules. Ce parking est par ailleurs dot\u00e9 de 1 400 m\u00b2 d&rsquo;ombri\u00e8res photovolta\u00efques capables d\u2019alimenter aussi bien les bornes de recharges que le datacenter situ\u00e9 \u00e0 proximit\u00e9.<\/p>\n\n\n\n<figure class=\"wp-block-image size-full\"><img loading=\"lazy\" decoding=\"async\" width=\"806\" height=\"453\" src=\"https:\/\/www.proginov.com\/blog\/wp-content\/uploads\/2025\/05\/Nouveau-batiment-G-1.png\" alt=\"\" class=\"wp-image-1698\" srcset=\"https:\/\/www.proginov.com\/blog\/wp-content\/uploads\/2025\/05\/Nouveau-batiment-G-1.png 806w, https:\/\/www.proginov.com\/blog\/wp-content\/uploads\/2025\/05\/Nouveau-batiment-G-1-300x169.png 300w, https:\/\/www.proginov.com\/blog\/wp-content\/uploads\/2025\/05\/Nouveau-batiment-G-1-768x432.png 768w, https:\/\/www.proginov.com\/blog\/wp-content\/uploads\/2025\/05\/Nouveau-batiment-G-1-750x422.png 750w\" sizes=\"auto, (max-width: 806px) 100vw, 806px\" \/><\/figure>\n\n\n\n<figure class=\"wp-block-image size-full\"><img loading=\"lazy\" decoding=\"async\" width=\"806\" height=\"453\" src=\"https:\/\/www.proginov.com\/blog\/wp-content\/uploads\/2025\/05\/Nouveau-batiment-G-2.png\" alt=\"\" class=\"wp-image-1697\" srcset=\"https:\/\/www.proginov.com\/blog\/wp-content\/uploads\/2025\/05\/Nouveau-batiment-G-2.png 806w, https:\/\/www.proginov.com\/blog\/wp-content\/uploads\/2025\/05\/Nouveau-batiment-G-2-300x169.png 300w, https:\/\/www.proginov.com\/blog\/wp-content\/uploads\/2025\/05\/Nouveau-batiment-G-2-768x432.png 768w, https:\/\/www.proginov.com\/blog\/wp-content\/uploads\/2025\/05\/Nouveau-batiment-G-2-750x422.png 750w\" sizes=\"auto, (max-width: 806px) 100vw, 806px\" \/><\/figure>\n\n\n\n<figure class=\"wp-block-image size-full\"><img loading=\"lazy\" decoding=\"async\" width=\"806\" height=\"453\" src=\"https:\/\/www.proginov.com\/blog\/wp-content\/uploads\/2025\/05\/Nouveau-batiment-H.png\" alt=\"\" class=\"wp-image-1699\" srcset=\"https:\/\/www.proginov.com\/blog\/wp-content\/uploads\/2025\/05\/Nouveau-batiment-H.png 806w, https:\/\/www.proginov.com\/blog\/wp-content\/uploads\/2025\/05\/Nouveau-batiment-H-300x169.png 300w, https:\/\/www.proginov.com\/blog\/wp-content\/uploads\/2025\/05\/Nouveau-batiment-H-768x432.png 768w, https:\/\/www.proginov.com\/blog\/wp-content\/uploads\/2025\/05\/Nouveau-batiment-H-750x422.png 750w\" sizes=\"auto, (max-width: 806px) 100vw, 806px\" \/><\/figure>\n\n\n\n<p>La deuxi\u00e8me \u00e9tape de ce programme r\u00e9side dans la construction de deux nouveaux b\u00e2timents, dont les travaux ont commenc\u00e9 d\u00e9but avril. Le premier, sur 4 niveaux, sera d\u00e9di\u00e9 \u00e0 un usage de bureaux et pourra accueillir350collaborateurs suppl\u00e9mentaires. Il s\u2019agira d\u2019un b\u00e2timent RE 2020 construit aux normes de la certification Passive House, et sera livr\u00e9 au 1<sup>er<\/sup> trimestre 2027. Le deuxi\u00e8me d\u2019une surface de 1 300 m\u00b2, comprendra des salles de r\u00e9union, dont un espace multimodal de 500 m\u00b2 divisible en 4 salles, un espace d\u00e9di\u00e9 aux activit\u00e9s du CSE, une salle de restauration pour les collaborateurs et des vestiaires. Ce b\u00e2timent sera livr\u00e9 courant 2026.<\/p>\n\n\n\n<p>Cet ensemble immobilier se situe \u00e0 l\u2019emplacement actuel des locaux de Proginov, sur sa r\u00e9serve fonci\u00e8re de7ha et permettra de doubler la surface de son si\u00e8ge social.<\/p>\n","protected":false},"excerpt":{"rendered":"<p>Proginov, qui a termin\u00e9 l\u2019ann\u00e9e 2024 avec un chiffre d\u2019affaires en hausse organique de&nbsp;9&nbsp;%, se lance dans une grande campagne d\u2019investissements. Un chiffre d\u2019affaires en hausse Proginov a termin\u00e9 l\u2019ann\u00e9e 2024 avec un chiffre d\u2019affaires de 66,6 M\u20ac, en hausse de 9 %. L\u2019entreprise est toujours port\u00e9e par ses deux activit\u00e9s principales&nbsp;: l\u2019\u00e9dition et l\u2019h\u00e9bergement.&hellip; <a class=\"read-more\" href=\"https:\/\/www.proginov.com\/blog\/proginov-un-chiffre-daffaires-en-hausse-de-9\/\">Lire la suite&#8230;<\/a><\/p>\n","protected":false},"author":6,"featured_media":1694,"comment_status":"closed","ping_status":"closed","sticky":false,"template":"","format":"standard","meta":{"footnotes":""},"categories":[224],"tags":[],"class_list":["post-1692","post","type-post","status-publish","format-standard","has-post-thumbnail","hentry","category-communique-de-presse"],"_links":{"self":[{"href":"https:\/\/www.proginov.com\/blog\/wp-json\/wp\/v2\/posts\/1692","targetHints":{"allow":["GET"]}}],"collection":[{"href":"https:\/\/www.proginov.com\/blog\/wp-json\/wp\/v2\/posts"}],"about":[{"href":"https:\/\/www.proginov.com\/blog\/wp-json\/wp\/v2\/types\/post"}],"author":[{"embeddable":true,"href":"https:\/\/www.proginov.com\/blog\/wp-json\/wp\/v2\/users\/6"}],"replies":[{"embeddable":true,"href":"https:\/\/www.proginov.com\/blog\/wp-json\/wp\/v2\/comments?post=1692"}],"version-history":[{"count":4,"href":"https:\/\/www.proginov.com\/blog\/wp-json\/wp\/v2\/posts\/1692\/revisions"}],"predecessor-version":[{"id":1772,"href":"https:\/\/www.proginov.com\/blog\/wp-json\/wp\/v2\/posts\/1692\/revisions\/1772"}],"wp:featuredmedia":[{"embeddable":true,"href":"https:\/\/www.proginov.com\/blog\/wp-json\/wp\/v2\/media\/1694"}],"wp:attachment":[{"href":"https:\/\/www.proginov.com\/blog\/wp-json\/wp\/v2\/media?parent=1692"}],"wp:term":[{"taxonomy":"category","embeddable":true,"href":"https:\/\/www.proginov.com\/blog\/wp-json\/wp\/v2\/categories?post=1692"},{"taxonomy":"post_tag","embeddable":true,"href":"https:\/\/www.proginov.com\/blog\/wp-json\/wp\/v2\/tags?post=1692"}],"curies":[{"name":"wp","href":"https:\/\/api.w.org\/{rel}","templated":true}]}}